{"id":9146,"date":"2024-07-31T11:49:12","date_gmt":"2024-07-31T10:49:12","guid":{"rendered":"https:\/\/technophilosoph.com\/2024\/07\/31\/pourquoi-les-militants-pour-le-climat-sont-ils-si-detestes\/"},"modified":"2024-08-01T21:37:14","modified_gmt":"2024-08-01T20:37:14","slug":"pourquoi-les-militants-pour-le-climat-sont-ils-si-detestes","status":"publish","type":"post","link":"https:\/\/technophilosoph.com\/fr\/2024\/07\/31\/pourquoi-les-militants-pour-le-climat-sont-ils-si-detestes\/","title":{"rendered":"Pourquoi les militants pour le climat sont-ils si d\u00e9test\u00e9s ?"},"content":{"rendered":"\n<p class=\"wp-block-paragraph\">Le moment est venu il y a quelques jours. La plus grande attaque terroriste de l&rsquo;histoire de l&rsquo;Allemagne a \u00e9t\u00e9 perp\u00e9tr\u00e9e. Que s&rsquo;\u00e9tait-il pass\u00e9 ? Quelques activistes climatiques avaient d\u00e9coup\u00e9 les cl\u00f4tures de l&rsquo;a\u00e9roport de Francfort et s&rsquo;\u00e9taient coll\u00e9s au tarmac. Les cons\u00e9quences ont \u00e9t\u00e9 d\u00e9sastreuses : 170 vols ont \u00e9t\u00e9 annul\u00e9s, des milliers de vacanciers n&rsquo;ont pu s&rsquo;envoler que tardivement vers leurs destinations de vacances. Heureusement, il n&rsquo;y a pas eu de morts.     <\/p>\n\n<p class=\"wp-block-paragraph\">Si l&rsquo;on lit les articles de presse, les commentaires dans les m\u00e9dias sociaux ou si l&rsquo;on \u00e9coute les politiciens et les entreprises concern\u00e9es r\u00e9clamer des peines de prison de longue dur\u00e9e = &#8211; la peine de mort n&rsquo;existe malheureusement plus -, les militants pour le clima sont les pires criminels de tous les temps, qui doivent \u00eatre frapp\u00e9s par la loi dans toute sa rigueur. D&rsquo;ailleurs, les colleurs de climat sont tous des bons \u00e0 rien qui devraient d&rsquo;abord faire un travail correct et \u00e0 qui une bonne racl\u00e9e ferait du bien, et non pas g\u00e2cher les vacances bien m\u00e9rit\u00e9es &#8211; et c&rsquo;est toujours des vacances bien m\u00e9rit\u00e9es &#8211; des gens qui travaillent dur. <\/p>\n\n<p class=\"wp-block-paragraph\">D&rsquo;o\u00f9 vient cette haine et est-elle justifi\u00e9e ? Car lorsque je regarde d&rsquo;autres perturbations de la vie quotidienne dans un pass\u00e9 proche ou lointain, je suis un peu \u00e9tonn\u00e9 de la proportionnalit\u00e9 de la r\u00e9action publique. <\/p>\n\n<h3 class=\"wp-block-heading\">RAF-Terreur<\/h3>\n\n<p class=\"wp-block-paragraph\">Dans les ann\u00e9es 1970 et 1980, l&rsquo;Allemagne a \u00e9t\u00e9 tenue en haleine par la terreur de la RAF. Attentats \u00e0 la bombe, enl\u00e8vements, meurtres et attaques de banques par plusieurs g\u00e9n\u00e9rations de terroristes de la RAF \u00e9taient \u00e0 l&rsquo;ordre du jour. L&rsquo;\u00c9tat n&rsquo;a pas su r\u00e9agir autrement qu&rsquo;en installant des barrages autoroutiers avec des points de contr\u00f4le et en instaurant des contr\u00f4les stricts qui ont restreint la vie quotidienne de tous les citoyens allemands. Aujourd&rsquo;hui encore, certains terroristes sont en fuite.   <\/p>\n\n<h3 class=\"wp-block-heading\">Gr\u00e8ves<\/h3>\n\n<p class=\"wp-block-paragraph\">Dans un pass\u00e9 r\u00e9cent, et je parle ici des derniers mois, la vie s&rsquo;est arr\u00eat\u00e9e en Allemagne parce que les conducteurs de train, les pilotes, le personnel de s\u00e9curit\u00e9 des a\u00e9roports, les agriculteurs et les fonctionnaires de la poste \u00e9taient en gr\u00e8ve. Et ce \u00e0 plusieurs reprises, parfois avec beaucoup de violence et de destruction. Les protestations des agriculteurs, notamment, laissent r\u00e9guli\u00e8rement le chaos derri\u00e8re elles. Les transports a\u00e9riens, ferroviaires et routiers sont alors r\u00e9guli\u00e8rement paralys\u00e9s. Des millions de citoyens qui ne peuvent pas se rendre au travail, \u00e0 l&rsquo;\u00e9cole, \u00e0 l&rsquo;h\u00f4pital, \u00e0 une op\u00e9ration, qui ne peuvent pas acheter des produits de premi\u00e8re n\u00e9cessit\u00e9 parce que ces professions bloquent tout.    <\/p>\n\n<p class=\"wp-block-paragraph\">Je ne veux pas savoir combien de personnes sont mortes parce que les ambulances n&rsquo;ont pas pu passer ou parce que quelqu&rsquo;un n&rsquo;a pas \u00e9t\u00e9 op\u00e9r\u00e9 ou soign\u00e9 \u00e0 temps. On n&rsquo;en parle jamais. <\/p>\n\n<p class=\"wp-block-paragraph\">Et : ces groupes professionnels ne sont pas d\u00e9favoris\u00e9s ou ne cr\u00e8vent pas de faim. Non, par rapport \u00e0 de nombreuses autres professions, ils gagnent beaucoup ou re\u00e7oivent des subventions importantes. <\/p>\n\n<p class=\"wp-block-paragraph\">En outre, des millions d&rsquo;ordinateurs viennent d&rsquo;\u00eatre paralys\u00e9s par un bug logiciel qui a affect\u00e9 plusieurs compagnies a\u00e9riennes, les obligeant \u00e0 annuler leurs vols.<\/p>\n\n<p class=\"wp-block-paragraph\">Le public accepte tout cela sinon avec un haussement d&rsquo;\u00e9paules, du moins avec une certaine l\u00e9thargie. Les m\u00e9dias et les politiques ne r\u00e9clament pas de peines de prison, aucun commentateur n&rsquo;insulte les agriculteurs et les pilotes. Bien au contraire : on les comprend, on a de la compassion pour eux. Et : on se d\u00e9gonfle, on c\u00e8de et on r\u00e9pond \u00e0 leurs exigences.   <\/p>\n\n<h3 class=\"wp-block-heading\">Militants pour le climat<\/h3>\n\n<p class=\"wp-block-paragraph\">Mais les militants pour le climat, eux, attirent l&rsquo;attention sur un probl\u00e8me qui concerne notre avenir \u00e0 tous ? On y voit des sprays de haine, des gens qui ont de l&rsquo;\u00e9cume \u00e0 la bouche, et m\u00eame des appels \u00e0 la r\u00e9introduction de la peine de mort. <\/p>\n\n<p class=\"wp-block-paragraph\">Il s&rsquo;agit de bien plus qu&rsquo;une petite gr\u00e8ve. Il s&rsquo;agit d&rsquo;une menace pour le mode de vie, d\u00e9fini par exemple par les moteurs \u00e0 combustion et les vols pour les vacances. Les conducteurs de train ou les agriculteurs ne le menacent pas, du moins pas directement.   <\/p>\n\n<p class=\"wp-block-paragraph\">Il en va autrement pour les autocollants climatiques. Le fait que les personnes \u00e9minentes derri\u00e8re le mouvement de protection du climat soient souvent des femmes ne fait qu&rsquo;aggraver les choses. Le fait que Greta Thunberg en particulier soit la cible de menaces de violence et de haine en ligne n&rsquo;est pas tant li\u00e9 au fait que les hommes d\u00e9testent les jeunes filles su\u00e9doises \u00e0 tresses ou les expertes en mobilit\u00e9 de Hambourg, mais plut\u00f4t \u00e0 ce qu&rsquo;elles repr\u00e9sentent. Elles repr\u00e9sentent la menace de leur style et de leur mode de vie rendus possibles par l&rsquo;essence, et donc de leur identit\u00e9 masculine h\u00e9t\u00e9rosexuelle.   <\/p>\n\n<p class=\"wp-block-paragraph\">Car, faut-il encore le pr\u00e9ciser, la majorit\u00e9 des d\u00e9tracteurs de l&rsquo;autocollant climatique sont des hommes. Et ce ph\u00e9nom\u00e8ne fait m\u00eame l&rsquo;objet d&rsquo;\u00e9tudes scientifiques. Voici un extrait de mon livre <a href=\"https:\/\/www.amazon.de\/dp\/386470815X\" target=\"_blank\" rel=\"noreferrer noopener\">CYBERF*CKED<\/a> :  <\/p>\n\n<blockquote class=\"wp-block-quote is-layout-flow wp-block-quote-is-layout-flow\">\n<p class=\"wp-block-paragraph\">L&rsquo;universit\u00e9 technique de Chalmers en Su\u00e8de poss\u00e8de le premier institut au monde consacr\u00e9 \u00e0 la recherche sur le ph\u00e9nom\u00e8ne du d\u00e9ni du changement climatique. Nous ne serons pas surpris d&rsquo;apprendre ici que la masculinit\u00e9 est l&rsquo;un des axes de recherche dans le cadre du d\u00e9ni du changement climatique. Et en effet, les premiers r\u00e9sultats de l&rsquo;\u00e9tude montrent que les hommes nient plus souvent que les femmes la gravit\u00e9 du changement climatique et se sentent plus menac\u00e9s par le mouvement de protection du climat. Qu&rsquo;on se le dise : les hommes sont plus nombreux que les femmes : Ces hommes se sentent moins menac\u00e9s par le changement climatique que par les initiatives visant \u00e0 arr\u00eater et \u00e0 inverser le changement climatique. Pour eux, leur masculinit\u00e9 est comme la derni\u00e8re paille \u00e0 laquelle ils peuvent encore s&rsquo;accrocher dans un monde en rapide mutation, et on veut maintenant la leur arracher des mains. Pourtant, rien n&rsquo;indique que les hommes \u00e9quip\u00e9s de voitures \u00e9lectriques ou de chauffage \u00e9lectrique soient moins virils.     <\/p>\n\n\n\n<p class=\"wp-block-paragraph\">Le changement climatique n&rsquo;est donc pas seulement une menace pour l&rsquo;existence, un d\u00e9fi pour la technologie, la politique et notre comportement, mais il est aussi massivement li\u00e9 \u00e0 notre conception du r\u00f4le des sexes.<\/p>\n<\/blockquote>\n\n<p class=\"wp-block-paragraph\">En d&rsquo;autres termes, il s&rsquo;agit ici de plus qu&rsquo;une simple gr\u00e8ve, il s&rsquo;agit de la peur de voir son propre style de vie remis en question et de se voir tendre un miroir sur son propre comportement. Et cela provoque une r\u00e9action beaucoup plus intense et surtout irrationnelle aux actions de protestation des activistes climatiques* et des colleurs d&rsquo;\u00e9tiquettes climatiques*.  <\/p>\n\n<p class=\"wp-block-paragraph\">C&rsquo;est cela le vrai probl\u00e8me, pas les miltants pour le climat, et cela devrait \u00eatre th\u00e9matis\u00e9. La protection du climat devrait \u00eatre une pr\u00e9occupation pour nous tous. <\/p>\n","protected":false},"excerpt":{"rendered":"<p>Le moment est venu il y a quelques jours. La plus grande attaque terroriste de l&rsquo;histoire de l&rsquo;Allemagne a \u00e9t\u00e9 perp\u00e9tr\u00e9e. Que s&rsquo;\u00e9tait-il pass\u00e9 ? Quelques activistes climatiques avaient d\u00e9coup\u00e9 les cl\u00f4tures de l&rsquo;a\u00e9roport de Francfort et s&rsquo;\u00e9taient coll\u00e9s au &hellip; <a href=\"https:\/\/technophilosoph.com\/fr\/2024\/07\/31\/pourquoi-les-militants-pour-le-climat-sont-ils-si-detestes\/\" class=\"more-link\">Continuer de lire <span class=\"screen-reader-text\">Pourquoi les militants pour le climat sont-ils si d\u00e9test\u00e9s ?<\/span><\/a><\/p>\n","protected":false},"author":8770504,"featured_media":9137,"comment_status":"open","ping_status":"open","sticky":false,"template":"","format":"standard","meta":{"_coblocks_attr":"","_coblocks_dimensions":"","_coblocks_responsive_height":"","_coblocks_accordion_ie_support":"","_crdt_document":"","advanced_seo_description":"","jetpack_seo_html_title":"","jetpack_seo_noindex":false,"_jetpack_newsletter_access":"","_jetpack_dont_email_post_to_subs":false,"_jetpack_newsletter_tier_id":0,"_jetpack_memberships_contains_paywalled_content":false,"_jetpack_memberships_contains_paid_content":false,"footnotes":"","jetpack_publicize_message":"","jetpack_publicize_feature_enabled":true,"jetpack_social_post_already_shared":true,"jetpack_social_options":{"image_generator_settings":{"template":"highway","default_image_id":0,"font":"","enabled":false},"version":2},"_wpas_customize_per_network":false,"jetpack_post_was_ever_published":false},"categories":[694240766,694240511,694240488],"tags":[],"class_list":{"0":"post-9146","1":"post","2":"type-post","3":"status-publish","4":"format-standard","5":"has-post-thumbnail","6":"hentry","7":"category-changement-climatique","8":"category-histoire-fr","9":"category-science-du-comportement","11":"fallback-thumbnail"},"jetpack_publicize_connections":[],"jetpack_featured_media_url":"https:\/\/i0.wp.com\/technophilosoph.com\/wp-content\/uploads\/2024\/07\/DALL%C2%B7E-2024-07-31-12.48.26-Female-climate-activists-gluing-themselves-to-the-floor-in-the-middle-of-the-street-blocking-traffic.-Drivers-in-their-cars-are-yelling-at-them-with.png?fit=1792%2C1024&ssl=1","jetpack_likes_enabled":true,"jetpack_sharing_enabled":true,"jetpack_shortlink":"https:\/\/wp.me\/p72hdn-2nw","amp_enabled":true,"_links":{"self":[{"href":"https:\/\/technophilosoph.com\/fr\/wp-json\/wp\/v2\/posts\/9146","targetHints":{"allow":["GET"]}}],"collection":[{"href":"https:\/\/technophilosoph.com\/fr\/wp-json\/wp\/v2\/posts"}],"about":[{"href":"https:\/\/technophilosoph.com\/fr\/wp-json\/wp\/v2\/types\/post"}],"author":[{"embeddable":true,"href":"https:\/\/technophilosoph.com\/fr\/wp-json\/wp\/v2\/users\/8770504"}],"replies":[{"embeddable":true,"href":"https:\/\/technophilosoph.com\/fr\/wp-json\/wp\/v2\/comments?post=9146"}],"version-history":[{"count":1,"href":"https:\/\/technophilosoph.com\/fr\/wp-json\/wp\/v2\/posts\/9146\/revisions"}],"predecessor-version":[{"id":9147,"href":"https:\/\/technophilosoph.com\/fr\/wp-json\/wp\/v2\/posts\/9146\/revisions\/9147"}],"wp:featuredmedia":[{"embeddable":true,"href":"https:\/\/technophilosoph.com\/fr\/wp-json\/wp\/v2\/media\/9137"}],"wp:attachment":[{"href":"https:\/\/technophilosoph.com\/fr\/wp-json\/wp\/v2\/media?parent=9146"}],"wp:term":[{"taxonomy":"category","embeddable":true,"href":"https:\/\/technophilosoph.com\/fr\/wp-json\/wp\/v2\/categories?post=9146"},{"taxonomy":"post_tag","embeddable":true,"href":"https:\/\/technophilosoph.com\/fr\/wp-json\/wp\/v2\/tags?post=9146"}],"curies":[{"name":"wp","href":"https:\/\/api.w.org\/{rel}","templated":true}]}}